{"id":990721,"date":"2025-03-13T18:22:01","date_gmt":"2025-03-13T18:22:01","guid":{"rendered":"https:\/\/iaectogo.com\/?p=990721"},"modified":"2025-03-13T18:23:56","modified_gmt":"2025-03-13T18:23:56","slug":"celebration-de-la-journee-internationale-des-droits-de-la-femme-a-liaec","status":"publish","type":"post","link":"https:\/\/iaectogo.com\/en\/celebration-de-la-journee-internationale-des-droits-de-la-femme-a-liaec\/","title":{"rendered":"C\u00e9l\u00e9bration de la Journ\u00e9e Internationale des Droits de la Femme \u00e0 l&rsquo;IAEC"},"content":{"rendered":"<div class=\"vgblk-rw-wrapper limit-wrapper\">\n<p>Le&nbsp;<strong>8 mars<\/strong>, journ\u00e9e d\u00e9di\u00e9e \u00e0 la c\u00e9l\u00e9bration des droits de la femme, a \u00e9t\u00e9 marqu\u00e9e par une s\u00e9rie d&rsquo;\u00e9v\u00e9nements riches en \u00e9motions, en r\u00e9flexions et en d\u00e9couvertes. Cette journ\u00e9e a \u00e9t\u00e9 l&rsquo;occasion de mettre en lumi\u00e8re l&rsquo;importance de l&rsquo;\u00e9galit\u00e9 entre les hommes et les femmes, tout en c\u00e9l\u00e9brant les talents et les contributions des femmes dans divers domaines.<\/p>\n\n\n\n<h4 class=\"wp-block-heading\"><strong>Conf\u00e9rence-d\u00e9bat : R\u00e9flexion sur l&rsquo;\u00e9galit\u00e9 entre l&rsquo;homme et la femme<\/strong><\/h4>\n\n\n\n<p>La journ\u00e9e a d\u00e9but\u00e9 par un&nbsp;<strong>moment de r\u00e9flexion<\/strong>&nbsp;\u00e0 travers une conf\u00e9rence-d\u00e9bat sur le th\u00e8me central :&nbsp;<strong>\u00ab\u00a0\u00c9galit\u00e9 entre l&rsquo;homme et la femme\u00a0\u00bb<\/strong>. Les \u00e9tudiantes ont \u00e9t\u00e9 invit\u00e9es \u00e0 partager leurs opinions, leurs exp\u00e9riences et leurs visions sur cette th\u00e9matique cruciale. Les \u00e9changes ont permis de souligner les d\u00e9fis persistants en mati\u00e8re d&rsquo;\u00e9galit\u00e9 des genres, mais aussi de c\u00e9l\u00e9brer les progr\u00e8s accomplis. Les discussions ont mis en avant la n\u00e9cessit\u00e9 de continuer \u00e0 lutter contre les st\u00e9r\u00e9otypes, les discriminations et les in\u00e9galit\u00e9s, tout en encourageant les femmes \u00e0 s&rsquo;affirmer dans tous les domaines de la vie.<\/p>\n\n\n\n<figure class=\"wp-block-gallery has-nested-images columns-default is-cropped wp-block-gallery-1 is-layout-flex wp-block-gallery-is-layout-flex\"><\/figure>\n\n\n\n<h4 class=\"wp-block-heading\"><strong>Concours d&rsquo;art culinaire : D\u00e9couverte des talents cach\u00e9s<\/strong><\/h4>\n\n\n\n<p>L&rsquo;un des moments forts de la journ\u00e9e a \u00e9t\u00e9 le&nbsp;<strong>concours d&rsquo;art culinaire<\/strong>, qui a permis de d\u00e9couvrir un&nbsp;<strong>c\u00f4t\u00e9 cach\u00e9 et cr\u00e9atif<\/strong>&nbsp;de nos \u00e9tudiantes. Les participantes ont rivalis\u00e9 d&rsquo;ing\u00e9niosit\u00e9 et de savoir-faire pour pr\u00e9parer des plats savoureux et esth\u00e9tiques. Ce concours a non seulement mis en valeur leurs comp\u00e9tences culinaires, mais aussi leur capacit\u00e9 \u00e0 innover et \u00e0 travailler en \u00e9quipe. Les saveurs, les couleurs et les pr\u00e9sentations ont ravi les papilles et les yeux des juges et du public.<\/p>\n\n\n\n<figure class=\"wp-block-image size-large\"><img data-recalc-dims=\"1\" fetchpriority=\"high\" decoding=\"async\" width=\"1024\" height=\"678\" src=\"https:\/\/i0.wp.com\/iaectogo.com\/wp-content\/uploads\/2025\/03\/WhatsApp-Image-2025-03-13-at-17.48.52-1-1024x678.jpeg?resize=1024%2C678&#038;ssl=1\" alt=\"\" class=\"wp-image-990727\" srcset=\"https:\/\/i0.wp.com\/iaectogo.com\/wp-content\/uploads\/2025\/03\/WhatsApp-Image-2025-03-13-at-17.48.52-1.jpeg?resize=1024%2C678&amp;ssl=1 1024w, https:\/\/i0.wp.com\/iaectogo.com\/wp-content\/uploads\/2025\/03\/WhatsApp-Image-2025-03-13-at-17.48.52-1.jpeg?resize=300%2C199&amp;ssl=1 300w, https:\/\/i0.wp.com\/iaectogo.com\/wp-content\/uploads\/2025\/03\/WhatsApp-Image-2025-03-13-at-17.48.52-1.jpeg?resize=768%2C509&amp;ssl=1 768w, https:\/\/i0.wp.com\/iaectogo.com\/wp-content\/uploads\/2025\/03\/WhatsApp-Image-2025-03-13-at-17.48.52-1.jpeg?resize=1536%2C1018&amp;ssl=1 1536w, https:\/\/i0.wp.com\/iaectogo.com\/wp-content\/uploads\/2025\/03\/WhatsApp-Image-2025-03-13-at-17.48.52-1.jpeg?resize=18%2C12&amp;ssl=1 18w, https:\/\/i0.wp.com\/iaectogo.com\/wp-content\/uploads\/2025\/03\/WhatsApp-Image-2025-03-13-at-17.48.52-1.jpeg?w=1600&amp;ssl=1 1600w\" sizes=\"(max-width: 1024px) 100vw, 1024px\" \/><\/figure>\n\n\n\n<h4 class=\"wp-block-heading\"><strong>Concours de danse : Expression artistique et \u00e9nergie<\/strong><\/h4>\n\n\n\n<p>Le&nbsp;<strong>concours de danse<\/strong>&nbsp;a apport\u00e9 une touche d&rsquo;\u00e9nergie et de dynamisme \u00e0 la c\u00e9l\u00e9bration. Les \u00e9tudiantes ont pr\u00e9sent\u00e9 des performances vari\u00e9es, allant des danses traditionnelles aux chor\u00e9graphies modernes. Chaque prestation a \u00e9t\u00e9 une v\u00e9ritable explosion de cr\u00e9ativit\u00e9, de passion et de coordination. Ce concours a permis de c\u00e9l\u00e9brer la diversit\u00e9 culturelle et l&rsquo;expression artistique des femmes.<\/p>\n\n\n\n<h4 class=\"wp-block-heading\"><strong>Concours d&rsquo;interpr\u00e9tation : Mise en sc\u00e8ne des r\u00e9alit\u00e9s f\u00e9minines<\/strong><\/h4>\n\n\n\n<p>Le&nbsp;<strong>concours d&rsquo;interpr\u00e9tation<\/strong>&nbsp;a offert une plateforme pour mettre en sc\u00e8ne les r\u00e9alit\u00e9s et les d\u00e9fis auxquels les femmes sont confront\u00e9es au quotidien. \u00c0 travers des sketches, des monologues et des pi\u00e8ces de th\u00e9\u00e2tre, les participantes ont abord\u00e9 des sujets tels que l&rsquo;\u00e9galit\u00e9 des chances, la lutte contre les violences faites aux femmes et l&rsquo;\u00e9mancipation f\u00e9minine. Ces performances ont suscit\u00e9 des \u00e9motions fortes et des prises de conscience chez le public.<\/p>\n\n\n\n<figure class=\"wp-block-image size-large\"><img data-recalc-dims=\"1\" decoding=\"async\" width=\"1024\" height=\"678\" src=\"https:\/\/i0.wp.com\/iaectogo.com\/wp-content\/uploads\/2025\/03\/WhatsApp-Image-2025-03-13-at-17.48.52-1024x678.jpeg?resize=1024%2C678&#038;ssl=1\" alt=\"\" class=\"wp-image-990728\" srcset=\"https:\/\/i0.wp.com\/iaectogo.com\/wp-content\/uploads\/2025\/03\/WhatsApp-Image-2025-03-13-at-17.48.52.jpeg?resize=1024%2C678&amp;ssl=1 1024w, https:\/\/i0.wp.com\/iaectogo.com\/wp-content\/uploads\/2025\/03\/WhatsApp-Image-2025-03-13-at-17.48.52.jpeg?resize=300%2C199&amp;ssl=1 300w, https:\/\/i0.wp.com\/iaectogo.com\/wp-content\/uploads\/2025\/03\/WhatsApp-Image-2025-03-13-at-17.48.52.jpeg?resize=768%2C508&amp;ssl=1 768w, https:\/\/i0.wp.com\/iaectogo.com\/wp-content\/uploads\/2025\/03\/WhatsApp-Image-2025-03-13-at-17.48.52.jpeg?resize=1536%2C1017&amp;ssl=1 1536w, https:\/\/i0.wp.com\/iaectogo.com\/wp-content\/uploads\/2025\/03\/WhatsApp-Image-2025-03-13-at-17.48.52.jpeg?resize=18%2C12&amp;ssl=1 18w, https:\/\/i0.wp.com\/iaectogo.com\/wp-content\/uploads\/2025\/03\/WhatsApp-Image-2025-03-13-at-17.48.52.jpeg?w=1600&amp;ssl=1 1600w\" sizes=\"(max-width: 1024px) 100vw, 1024px\" \/><\/figure>\n\n\n\n<p><strong>Ambiance populaire : Une c\u00e9l\u00e9bration festive et inclusive<\/strong><\/p>\n\n\n\n<p>La journ\u00e9e s&rsquo;est termin\u00e9e dans une&nbsp;<strong>ambiance populaire et festive<\/strong>, o\u00f9 toutes et tous ont pu se retrouver pour c\u00e9l\u00e9brer ensemble les droits de la femme. Musique, danse, rires et partage ont rythm\u00e9 cette soir\u00e9e m\u00e9morable. Ce moment de convivialit\u00e9 a rappel\u00e9 l&rsquo;importance de l&rsquo;union et de la solidarit\u00e9 dans la lutte pour l&rsquo;\u00e9galit\u00e9 des genres.<\/p>\n\n\n<\/div><!-- .vgblk-rw-wrapper -->\n<figure class=\"wp-block-video alignwide\"><video controls src=\"https:\/\/iaectogo.com\/wp-content\/uploads\/2025\/03\/WhatsApp-Video-2025-03-10-at-00.23.13.mp4\"><\/video><\/figure>","protected":false},"excerpt":{"rendered":"<p>Le&nbsp;8 mars, journ\u00e9e d\u00e9di\u00e9e \u00e0 la c\u00e9l\u00e9bration des droits de la femme, a \u00e9t\u00e9 marqu\u00e9e par une s\u00e9rie d&rsquo;\u00e9v\u00e9nements riches en \u00e9motions, en r\u00e9flexions et en d\u00e9couvertes. Cette journ\u00e9e a \u00e9t\u00e9 l&rsquo;occasion de mettre en lumi\u00e8re l&rsquo;importance de l&rsquo;\u00e9galit\u00e9 entre les hommes et les femmes, tout en c\u00e9l\u00e9brant les talents et les contributions des femmes&#8230;<\/p>","protected":false},"author":4,"featured_media":990733,"comment_status":"open","ping_status":"open","sticky":false,"template":"","format":"standard","meta":{"_monsterinsights_skip_tracking":false,"_monsterinsights_sitenote_active":false,"_monsterinsights_sitenote_note":"","_monsterinsights_sitenote_category":0,"_jetpack_memberships_contains_paid_content":false,"footnotes":""},"categories":[38],"tags":[],"class_list":["post-990721","post","type-post","status-publish","format-standard","has-post-thumbnail","hentry","category-evenements"],"yoast_head":"<!-- This site is optimized with the Yoast SEO plugin v27.5 - https:\/\/yoast.com\/product\/yoast-seo-wordpress\/ -->\n<title>C\u00e9l\u00e9bration de la Journ\u00e9e Internationale des Droits de la Femme \u00e0 l&#039;IAEC - IAEC TOGO<\/title>\n<meta name=\"robots\" content=\"index, follow, max-snippet:-1, max-image-preview:large, max-video-preview:-1\" \/>\n<link rel=\"canonical\" href=\"https:\/\/iaectogo.com\/en\/celebration-de-la-journee-internationale-des-droits-de-la-femme-a-liaec\/\" \/>\n<meta property=\"og:locale\" content=\"en_GB\" \/>\n<meta property=\"og:type\" content=\"article\" \/>\n<meta property=\"og:title\" content=\"C\u00e9l\u00e9bration de la Journ\u00e9e Internationale des Droits de la Femme \u00e0 l&#039;IAEC - IAEC TOGO\" \/>\n<meta property=\"og:description\" content=\"Le&nbsp;8 mars, journ\u00e9e d\u00e9di\u00e9e \u00e0 la c\u00e9l\u00e9bration des droits de la femme, a \u00e9t\u00e9 marqu\u00e9e par une s\u00e9rie d&rsquo;\u00e9v\u00e9nements riches en \u00e9motions, en r\u00e9flexions et en d\u00e9couvertes. Cette journ\u00e9e a \u00e9t\u00e9 l&rsquo;occasion de mettre en lumi\u00e8re l&rsquo;importance de l&rsquo;\u00e9galit\u00e9 entre les hommes et les femmes, tout en c\u00e9l\u00e9brant les talents et les contributions des femmes...\" \/>\n<meta property=\"og:url\" content=\"https:\/\/iaectogo.com\/en\/celebration-de-la-journee-internationale-des-droits-de-la-femme-a-liaec\/\" \/>\n<meta property=\"og:site_name\" content=\"IAEC TOGO\" \/>\n<meta property=\"article:publisher\" content=\"https:\/\/www.facebook.com\/IAEC.Universite\" \/>\n<meta property=\"article:published_time\" content=\"2025-03-13T18:22:01+00:00\" \/>\n<meta property=\"article:modified_time\" content=\"2025-03-13T18:23:56+00:00\" \/>\n<meta property=\"og:image\" content=\"https:\/\/i0.wp.com\/iaectogo.com\/wp-content\/uploads\/2025\/03\/WhatsApp-Image-2025-03-13-at-17.48.49.jpeg?fit=1600%2C1059&ssl=1\" \/>\n\t<meta property=\"og:image:width\" content=\"1600\" \/>\n\t<meta property=\"og:image:height\" content=\"1059\" \/>\n\t<meta property=\"og:image:type\" content=\"image\/jpeg\" \/>\n<meta name=\"author\" content=\"jean\" \/>\n<meta name=\"twitter:card\" content=\"summary_large_image\" \/>\n<meta name=\"twitter:creator\" content=\"@iaectogo\" \/>\n<meta name=\"twitter:site\" content=\"@iaectogo\" \/>\n<meta name=\"twitter:label1\" content=\"Written by\" \/>\n\t<meta name=\"twitter:data1\" content=\"jean\" \/>\n\t<meta name=\"twitter:label2\" content=\"Estimated reading time\" \/>\n\t<meta name=\"twitter:data2\" content=\"3 minutes\" \/>\n<script type=\"application\/ld+json\" class=\"yoast-schema-graph\">{\"@context\":\"https:\\\/\\\/schema.org\",\"@graph\":[{\"@type\":\"Article\",\"@id\":\"https:\\\/\\\/iaectogo.com\\\/celebration-de-la-journee-internationale-des-droits-de-la-femme-a-liaec\\\/#article\",\"isPartOf\":{\"@id\":\"https:\\\/\\\/iaectogo.com\\\/celebration-de-la-journee-internationale-des-droits-de-la-femme-a-liaec\\\/\"},\"author\":{\"name\":\"jean\",\"@id\":\"https:\\\/\\\/iaectogo.com\\\/#\\\/schema\\\/person\\\/42db50fbfc40b266f0dce92a9570bf35\"},\"headline\":\"C\u00e9l\u00e9bration de la Journ\u00e9e Internationale des Droits de la Femme \u00e0 l&rsquo;IAEC\",\"datePublished\":\"2025-03-13T18:22:01+00:00\",\"dateModified\":\"2025-03-13T18:23:56+00:00\",\"mainEntityOfPage\":{\"@id\":\"https:\\\/\\\/iaectogo.com\\\/celebration-de-la-journee-internationale-des-droits-de-la-femme-a-liaec\\\/\"},\"wordCount\":577,\"commentCount\":0,\"publisher\":{\"@id\":\"https:\\\/\\\/iaectogo.com\\\/#organization\"},\"image\":{\"@id\":\"https:\\\/\\\/iaectogo.com\\\/celebration-de-la-journee-internationale-des-droits-de-la-femme-a-liaec\\\/#primaryimage\"},\"thumbnailUrl\":\"https:\\\/\\\/i0.wp.com\\\/iaectogo.com\\\/wp-content\\\/uploads\\\/2025\\\/03\\\/WhatsApp-Image-2025-03-13-at-17.48.49.jpeg?fit=1600%2C1059&ssl=1\",\"articleSection\":[\"\u00c9v\u00e8nements\"],\"inLanguage\":\"en-GB\",\"potentialAction\":[{\"@type\":\"CommentAction\",\"name\":\"Comment\",\"target\":[\"https:\\\/\\\/iaectogo.com\\\/celebration-de-la-journee-internationale-des-droits-de-la-femme-a-liaec\\\/#respond\"]}]},{\"@type\":\"WebPage\",\"@id\":\"https:\\\/\\\/iaectogo.com\\\/celebration-de-la-journee-internationale-des-droits-de-la-femme-a-liaec\\\/\",\"url\":\"https:\\\/\\\/iaectogo.com\\\/celebration-de-la-journee-internationale-des-droits-de-la-femme-a-liaec\\\/\",\"name\":\"C\u00e9l\u00e9bration de la Journ\u00e9e Internationale des Droits de la Femme \u00e0 l'IAEC - IAEC TOGO\",\"isPartOf\":{\"@id\":\"https:\\\/\\\/iaectogo.com\\\/#website\"},\"primaryImageOfPage\":{\"@id\":\"https:\\\/\\\/iaectogo.com\\\/celebration-de-la-journee-internationale-des-droits-de-la-femme-a-liaec\\\/#primaryimage\"},\"image\":{\"@id\":\"https:\\\/\\\/iaectogo.com\\\/celebration-de-la-journee-internationale-des-droits-de-la-femme-a-liaec\\\/#primaryimage\"},\"thumbnailUrl\":\"https:\\\/\\\/i0.wp.com\\\/iaectogo.com\\\/wp-content\\\/uploads\\\/2025\\\/03\\\/WhatsApp-Image-2025-03-13-at-17.48.49.jpeg?fit=1600%2C1059&ssl=1\",\"datePublished\":\"2025-03-13T18:22:01+00:00\",\"dateModified\":\"2025-03-13T18:23:56+00:00\",\"breadcrumb\":{\"@id\":\"https:\\\/\\\/iaectogo.com\\\/celebration-de-la-journee-internationale-des-droits-de-la-femme-a-liaec\\\/#breadcrumb\"},\"inLanguage\":\"en-GB\",\"potentialAction\":[{\"@type\":\"ReadAction\",\"target\":[\"https:\\\/\\\/iaectogo.com\\\/celebration-de-la-journee-internationale-des-droits-de-la-femme-a-liaec\\\/\"]}]},{\"@type\":\"ImageObject\",\"inLanguage\":\"en-GB\",\"@id\":\"https:\\\/\\\/iaectogo.com\\\/celebration-de-la-journee-internationale-des-droits-de-la-femme-a-liaec\\\/#primaryimage\",\"url\":\"https:\\\/\\\/i0.wp.com\\\/iaectogo.com\\\/wp-content\\\/uploads\\\/2025\\\/03\\\/WhatsApp-Image-2025-03-13-at-17.48.49.jpeg?fit=1600%2C1059&ssl=1\",\"contentUrl\":\"https:\\\/\\\/i0.wp.com\\\/iaectogo.com\\\/wp-content\\\/uploads\\\/2025\\\/03\\\/WhatsApp-Image-2025-03-13-at-17.48.49.jpeg?fit=1600%2C1059&ssl=1\",\"width\":1600,\"height\":1059},{\"@type\":\"BreadcrumbList\",\"@id\":\"https:\\\/\\\/iaectogo.com\\\/celebration-de-la-journee-internationale-des-droits-de-la-femme-a-liaec\\\/#breadcrumb\",\"itemListElement\":[{\"@type\":\"ListItem\",\"position\":1,\"name\":\"Accueil\",\"item\":\"https:\\\/\\\/iaectogo.com\\\/\"},{\"@type\":\"ListItem\",\"position\":2,\"name\":\"C\u00e9l\u00e9bration de la Journ\u00e9e Internationale des Droits de la Femme \u00e0 l&rsquo;IAEC\"}]},{\"@type\":\"WebSite\",\"@id\":\"https:\\\/\\\/iaectogo.com\\\/#website\",\"url\":\"https:\\\/\\\/iaectogo.com\\\/\",\"name\":\"IAEC TOGO\",\"description\":\"Institut Africain d&#039;Administration et d&#039;Etudes Commerciales\",\"publisher\":{\"@id\":\"https:\\\/\\\/iaectogo.com\\\/#organization\"},\"potentialAction\":[{\"@type\":\"SearchAction\",\"target\":{\"@type\":\"EntryPoint\",\"urlTemplate\":\"https:\\\/\\\/iaectogo.com\\\/?s={search_term_string}\"},\"query-input\":{\"@type\":\"PropertyValueSpecification\",\"valueRequired\":true,\"valueName\":\"search_term_string\"}}],\"inLanguage\":\"en-GB\"},{\"@type\":\"Organization\",\"@id\":\"https:\\\/\\\/iaectogo.com\\\/#organization\",\"name\":\"IAEC TOGO\",\"url\":\"https:\\\/\\\/iaectogo.com\\\/\",\"logo\":{\"@type\":\"ImageObject\",\"inLanguage\":\"en-GB\",\"@id\":\"https:\\\/\\\/iaectogo.com\\\/#\\\/schema\\\/logo\\\/image\\\/\",\"url\":\"https:\\\/\\\/iaectogo.com\\\/iaectogo.com\\\/wp-content\\\/uploads\\\/2021\\\/09\\\/logo-avec-ecriture-bleu.png\",\"contentUrl\":\"https:\\\/\\\/iaectogo.com\\\/iaectogo.com\\\/wp-content\\\/uploads\\\/2021\\\/09\\\/logo-avec-ecriture-bleu.png\",\"width\":2768,\"height\":801,\"caption\":\"IAEC TOGO\"},\"image\":{\"@id\":\"https:\\\/\\\/iaectogo.com\\\/#\\\/schema\\\/logo\\\/image\\\/\"},\"sameAs\":[\"https:\\\/\\\/www.facebook.com\\\/IAEC.Universite\",\"https:\\\/\\\/x.com\\\/iaectogo\",\"https:\\\/\\\/www.instagram.com\\\/iaectogo\"]},{\"@type\":\"Person\",\"@id\":\"https:\\\/\\\/iaectogo.com\\\/#\\\/schema\\\/person\\\/42db50fbfc40b266f0dce92a9570bf35\",\"name\":\"jean\",\"image\":{\"@type\":\"ImageObject\",\"inLanguage\":\"en-GB\",\"@id\":\"https:\\\/\\\/secure.gravatar.com\\\/avatar\\\/ca912c445e27115f64f8b5594d624fcf634351a6f76d32b98cfe473ce7f46c29?s=96&d=mm&r=g\",\"url\":\"https:\\\/\\\/secure.gravatar.com\\\/avatar\\\/ca912c445e27115f64f8b5594d624fcf634351a6f76d32b98cfe473ce7f46c29?s=96&d=mm&r=g\",\"contentUrl\":\"https:\\\/\\\/secure.gravatar.com\\\/avatar\\\/ca912c445e27115f64f8b5594d624fcf634351a6f76d32b98cfe473ce7f46c29?s=96&d=mm&r=g\",\"caption\":\"jean\"},\"url\":\"https:\\\/\\\/iaectogo.com\\\/en\\\/author\\\/jean-fassinou\\\/\"}]}<\/script>\n<!-- \/ Yoast SEO plugin. -->","yoast_head_json":{"title":"C\u00e9l\u00e9bration de la Journ\u00e9e Internationale des Droits de la Femme \u00e0 l'IAEC - IAEC TOGO","robots":{"index":"index","follow":"follow","max-snippet":"max-snippet:-1","max-image-preview":"max-image-preview:large","max-video-preview":"max-video-preview:-1"},"canonical":"https:\/\/iaectogo.com\/en\/celebration-de-la-journee-internationale-des-droits-de-la-femme-a-liaec\/","og_locale":"en_GB","og_type":"article","og_title":"C\u00e9l\u00e9bration de la Journ\u00e9e Internationale des Droits de la Femme \u00e0 l'IAEC - IAEC TOGO","og_description":"Le&nbsp;8 mars, journ\u00e9e d\u00e9di\u00e9e \u00e0 la c\u00e9l\u00e9bration des droits de la femme, a \u00e9t\u00e9 marqu\u00e9e par une s\u00e9rie d&rsquo;\u00e9v\u00e9nements riches en \u00e9motions, en r\u00e9flexions et en d\u00e9couvertes. Cette journ\u00e9e a \u00e9t\u00e9 l&rsquo;occasion de mettre en lumi\u00e8re l&rsquo;importance de l&rsquo;\u00e9galit\u00e9 entre les hommes et les femmes, tout en c\u00e9l\u00e9brant les talents et les contributions des femmes...","og_url":"https:\/\/iaectogo.com\/en\/celebration-de-la-journee-internationale-des-droits-de-la-femme-a-liaec\/","og_site_name":"IAEC TOGO","article_publisher":"https:\/\/www.facebook.com\/IAEC.Universite","article_published_time":"2025-03-13T18:22:01+00:00","article_modified_time":"2025-03-13T18:23:56+00:00","og_image":[{"width":1600,"height":1059,"url":"https:\/\/i0.wp.com\/iaectogo.com\/wp-content\/uploads\/2025\/03\/WhatsApp-Image-2025-03-13-at-17.48.49.jpeg?fit=1600%2C1059&ssl=1","type":"image\/jpeg"}],"author":"jean","twitter_card":"summary_large_image","twitter_creator":"@iaectogo","twitter_site":"@iaectogo","twitter_misc":{"Written by":"jean","Estimated reading time":"3 minutes"},"schema":{"@context":"https:\/\/schema.org","@graph":[{"@type":"Article","@id":"https:\/\/iaectogo.com\/celebration-de-la-journee-internationale-des-droits-de-la-femme-a-liaec\/#article","isPartOf":{"@id":"https:\/\/iaectogo.com\/celebration-de-la-journee-internationale-des-droits-de-la-femme-a-liaec\/"},"author":{"name":"jean","@id":"https:\/\/iaectogo.com\/#\/schema\/person\/42db50fbfc40b266f0dce92a9570bf35"},"headline":"C\u00e9l\u00e9bration de la Journ\u00e9e Internationale des Droits de la Femme \u00e0 l&rsquo;IAEC","datePublished":"2025-03-13T18:22:01+00:00","dateModified":"2025-03-13T18:23:56+00:00","mainEntityOfPage":{"@id":"https:\/\/iaectogo.com\/celebration-de-la-journee-internationale-des-droits-de-la-femme-a-liaec\/"},"wordCount":577,"commentCount":0,"publisher":{"@id":"https:\/\/iaectogo.com\/#organization"},"image":{"@id":"https:\/\/iaectogo.com\/celebration-de-la-journee-internationale-des-droits-de-la-femme-a-liaec\/#primaryimage"},"thumbnailUrl":"https:\/\/i0.wp.com\/iaectogo.com\/wp-content\/uploads\/2025\/03\/WhatsApp-Image-2025-03-13-at-17.48.49.jpeg?fit=1600%2C1059&ssl=1","articleSection":["\u00c9v\u00e8nements"],"inLanguage":"en-GB","potentialAction":[{"@type":"CommentAction","name":"Comment","target":["https:\/\/iaectogo.com\/celebration-de-la-journee-internationale-des-droits-de-la-femme-a-liaec\/#respond"]}]},{"@type":"WebPage","@id":"https:\/\/iaectogo.com\/celebration-de-la-journee-internationale-des-droits-de-la-femme-a-liaec\/","url":"https:\/\/iaectogo.com\/celebration-de-la-journee-internationale-des-droits-de-la-femme-a-liaec\/","name":"C\u00e9l\u00e9bration de la Journ\u00e9e Internationale des Droits de la Femme \u00e0 l'IAEC - IAEC TOGO","isPartOf":{"@id":"https:\/\/iaectogo.com\/#website"},"primaryImageOfPage":{"@id":"https:\/\/iaectogo.com\/celebration-de-la-journee-internationale-des-droits-de-la-femme-a-liaec\/#primaryimage"},"image":{"@id":"https:\/\/iaectogo.com\/celebration-de-la-journee-internationale-des-droits-de-la-femme-a-liaec\/#primaryimage"},"thumbnailUrl":"https:\/\/i0.wp.com\/iaectogo.com\/wp-content\/uploads\/2025\/03\/WhatsApp-Image-2025-03-13-at-17.48.49.jpeg?fit=1600%2C1059&ssl=1","datePublished":"2025-03-13T18:22:01+00:00","dateModified":"2025-03-13T18:23:56+00:00","breadcrumb":{"@id":"https:\/\/iaectogo.com\/celebration-de-la-journee-internationale-des-droits-de-la-femme-a-liaec\/#breadcrumb"},"inLanguage":"en-GB","potentialAction":[{"@type":"ReadAction","target":["https:\/\/iaectogo.com\/celebration-de-la-journee-internationale-des-droits-de-la-femme-a-liaec\/"]}]},{"@type":"ImageObject","inLanguage":"en-GB","@id":"https:\/\/iaectogo.com\/celebration-de-la-journee-internationale-des-droits-de-la-femme-a-liaec\/#primaryimage","url":"https:\/\/i0.wp.com\/iaectogo.com\/wp-content\/uploads\/2025\/03\/WhatsApp-Image-2025-03-13-at-17.48.49.jpeg?fit=1600%2C1059&ssl=1","contentUrl":"https:\/\/i0.wp.com\/iaectogo.com\/wp-content\/uploads\/2025\/03\/WhatsApp-Image-2025-03-13-at-17.48.49.jpeg?fit=1600%2C1059&ssl=1","width":1600,"height":1059},{"@type":"BreadcrumbList","@id":"https:\/\/iaectogo.com\/celebration-de-la-journee-internationale-des-droits-de-la-femme-a-liaec\/#breadcrumb","itemListElement":[{"@type":"ListItem","position":1,"name":"Accueil","item":"https:\/\/iaectogo.com\/"},{"@type":"ListItem","position":2,"name":"C\u00e9l\u00e9bration de la Journ\u00e9e Internationale des Droits de la Femme \u00e0 l&rsquo;IAEC"}]},{"@type":"WebSite","@id":"https:\/\/iaectogo.com\/#website","url":"https:\/\/iaectogo.com\/","name":"IAEC TOGO","description":"Institut Africain d&#039;Administration et d&#039;Etudes Commerciales","publisher":{"@id":"https:\/\/iaectogo.com\/#organization"},"potentialAction":[{"@type":"SearchAction","target":{"@type":"EntryPoint","urlTemplate":"https:\/\/iaectogo.com\/?s={search_term_string}"},"query-input":{"@type":"PropertyValueSpecification","valueRequired":true,"valueName":"search_term_string"}}],"inLanguage":"en-GB"},{"@type":"Organization","@id":"https:\/\/iaectogo.com\/#organization","name":"IAEC TOGO","url":"https:\/\/iaectogo.com\/","logo":{"@type":"ImageObject","inLanguage":"en-GB","@id":"https:\/\/iaectogo.com\/#\/schema\/logo\/image\/","url":"https:\/\/iaectogo.com\/iaectogo.com\/wp-content\/uploads\/2021\/09\/logo-avec-ecriture-bleu.png","contentUrl":"https:\/\/iaectogo.com\/iaectogo.com\/wp-content\/uploads\/2021\/09\/logo-avec-ecriture-bleu.png","width":2768,"height":801,"caption":"IAEC TOGO"},"image":{"@id":"https:\/\/iaectogo.com\/#\/schema\/logo\/image\/"},"sameAs":["https:\/\/www.facebook.com\/IAEC.Universite","https:\/\/x.com\/iaectogo","https:\/\/www.instagram.com\/iaectogo"]},{"@type":"Person","@id":"https:\/\/iaectogo.com\/#\/schema\/person\/42db50fbfc40b266f0dce92a9570bf35","name":"jean","image":{"@type":"ImageObject","inLanguage":"en-GB","@id":"https:\/\/secure.gravatar.com\/avatar\/ca912c445e27115f64f8b5594d624fcf634351a6f76d32b98cfe473ce7f46c29?s=96&d=mm&r=g","url":"https:\/\/secure.gravatar.com\/avatar\/ca912c445e27115f64f8b5594d624fcf634351a6f76d32b98cfe473ce7f46c29?s=96&d=mm&r=g","contentUrl":"https:\/\/secure.gravatar.com\/avatar\/ca912c445e27115f64f8b5594d624fcf634351a6f76d32b98cfe473ce7f46c29?s=96&d=mm&r=g","caption":"jean"},"url":"https:\/\/iaectogo.com\/en\/author\/jean-fassinou\/"}]}},"jetpack_featured_media_url":"https:\/\/i0.wp.com\/iaectogo.com\/wp-content\/uploads\/2025\/03\/WhatsApp-Image-2025-03-13-at-17.48.49.jpeg?fit=1600%2C1059&ssl=1","jetpack_shortlink":"https:\/\/wp.me\/pc0b2i-49Jn","jetpack_sharing_enabled":true,"_links":{"self":[{"href":"https:\/\/iaectogo.com\/en\/wp-json\/wp\/v2\/posts\/990721","targetHints":{"allow":["GET"]}}],"collection":[{"href":"https:\/\/iaectogo.com\/en\/wp-json\/wp\/v2\/posts"}],"about":[{"href":"https:\/\/iaectogo.com\/en\/wp-json\/wp\/v2\/types\/post"}],"author":[{"embeddable":true,"href":"https:\/\/iaectogo.com\/en\/wp-json\/wp\/v2\/users\/4"}],"replies":[{"embeddable":true,"href":"https:\/\/iaectogo.com\/en\/wp-json\/wp\/v2\/comments?post=990721"}],"version-history":[{"count":4,"href":"https:\/\/iaectogo.com\/en\/wp-json\/wp\/v2\/posts\/990721\/revisions"}],"predecessor-version":[{"id":990734,"href":"https:\/\/iaectogo.com\/en\/wp-json\/wp\/v2\/posts\/990721\/revisions\/990734"}],"wp:featuredmedia":[{"embeddable":true,"href":"https:\/\/iaectogo.com\/en\/wp-json\/wp\/v2\/media\/990733"}],"wp:attachment":[{"href":"https:\/\/iaectogo.com\/en\/wp-json\/wp\/v2\/media?parent=990721"}],"wp:term":[{"taxonomy":"category","embeddable":true,"href":"https:\/\/iaectogo.com\/en\/wp-json\/wp\/v2\/categories?post=990721"},{"taxonomy":"post_tag","embeddable":true,"href":"https:\/\/iaectogo.com\/en\/wp-json\/wp\/v2\/tags?post=990721"}],"curies":[{"name":"wp","href":"https:\/\/api.w.org\/{rel}","templated":true}]}}