{"id":990318,"date":"2023-12-02T12:41:50","date_gmt":"2023-12-02T12:41:50","guid":{"rendered":"https:\/\/iaectogo.com\/?p=990318"},"modified":"2023-12-02T12:48:16","modified_gmt":"2023-12-02T12:48:16","slug":"journee-mondiale-de-lutte-contre-le-sida-iaec-sensibilise-ses-etudiants","status":"publish","type":"post","link":"https:\/\/iaectogo.com\/en\/journee-mondiale-de-lutte-contre-le-sida-iaec-sensibilise-ses-etudiants\/","title":{"rendered":"Journ\u00e9e mondiale de lutte contre le Sida : IAEC sensibilise ses \u00e9tudiants"},"content":{"rendered":"<div class=\"vgblk-rw-wrapper limit-wrapper\">\n<p>Journ\u00e9e mondiale de lutte contre le Sida : IAEC sensibilise ses \u00e9tudiants<\/p>\n\n\n\n<p>Le monde entier c\u00e9l\u00e8bre chaque 01 d\u00e9cembre de l\u2019ann\u00e9e la journ\u00e9e mondiale de lutte contre le Sida. Une occasion pour l\u2019Institut Africain d\u2019administration et d\u2019Etudes Commerciales (IAEC) de sensibiliser ses \u00e9tudiants sur les modes de contamination du VIH, les risques de propagation et surtout comment l\u2019\u00e9viter.<\/p>\n\n\n\n<figure class=\"wp-block-image size-large\"><img data-recalc-dims=\"1\" fetchpriority=\"high\" decoding=\"async\" width=\"1024\" height=\"1024\" src=\"https:\/\/i0.wp.com\/iaectogo.com\/wp-content\/uploads\/2023\/12\/WhatsApp-Image-2023-12-02-at-11.41.13-1024x1024.jpeg?resize=1024%2C1024&#038;ssl=1\" alt=\"\" class=\"wp-image-990320\" srcset=\"https:\/\/i0.wp.com\/iaectogo.com\/wp-content\/uploads\/2023\/12\/WhatsApp-Image-2023-12-02-at-11.41.13.jpeg?resize=1024%2C1024&amp;ssl=1 1024w, https:\/\/i0.wp.com\/iaectogo.com\/wp-content\/uploads\/2023\/12\/WhatsApp-Image-2023-12-02-at-11.41.13.jpeg?resize=300%2C300&amp;ssl=1 300w, https:\/\/i0.wp.com\/iaectogo.com\/wp-content\/uploads\/2023\/12\/WhatsApp-Image-2023-12-02-at-11.41.13.jpeg?resize=150%2C150&amp;ssl=1 150w, https:\/\/i0.wp.com\/iaectogo.com\/wp-content\/uploads\/2023\/12\/WhatsApp-Image-2023-12-02-at-11.41.13.jpeg?resize=768%2C768&amp;ssl=1 768w, https:\/\/i0.wp.com\/iaectogo.com\/wp-content\/uploads\/2023\/12\/WhatsApp-Image-2023-12-02-at-11.41.13.jpeg?resize=12%2C12&amp;ssl=1 12w, https:\/\/i0.wp.com\/iaectogo.com\/wp-content\/uploads\/2023\/12\/WhatsApp-Image-2023-12-02-at-11.41.13.jpeg?w=1280&amp;ssl=1 1280w\" sizes=\"(max-width: 1024px) 100vw, 1024px\" \/><\/figure>\n\n\n\n<p>Dans nos \u00e9coles et universit\u00e9s, nos \u00e9tudiants s\u2019adonnent \u00e0 certaines pratiques et certains manquent m\u00eame de l\u2019information. Avec l\u2019av\u00e8nement de la COVID-19, on a remarqu\u00e9 que la pr\u00e9valence du VIH a encore commenc\u00e9 par augmenter car beaucoup se sont focalis\u00e9es sur l\u2019urgence et on a oubli\u00e9 les maladies pr\u00e9existantes en l\u2019occurrence le VIH. Il urge qu\u2019on m\u00e8ne ses actions de sensibilisation afin d\u2019\u00e9veiller la population sur le sujet du VIH. C\u2019est pourquoi nous avons organis\u00e9 cette activit\u00e9 de sensibilisation coupl\u00e9e de d\u00e9pistage et de distribution de pr\u00e9servatifs&nbsp;\u00bb, a confi\u00e9 Dr Gilbert Agbetoglo, responsable du d\u00e9partement sant\u00e9 \u00e0 IAEC.<\/p>\n\n\n\n<p>Le choix des \u00e9tudiants n\u2019est pas anodin selon le docteur en m\u00e9decine en collaboration avec l\u2019ONG Espoir Vie Togo (EVT). \u00ab&nbsp;Parfois les \u00e9tudiants s\u2019adonnent \u00e0 certaines pratiques qui peuvent \u00eatre constitu\u00e9es pour eux un v\u00e9ritable risque. Il va falloir discuter ou \u00e9changer avec ces \u00e9tudiants, histoire de les amener \u00e0 d\u00e9couvrir le risque qu\u2019il y a dans ces genres de pratiques, savoir comment se prot\u00e9ger et comment \u00e9viter de chopper la maladie&nbsp;\u00bb, a r\u00e9v\u00e9l\u00e9 Dr Agbetoglo.<\/p>\n\n\n\n<figure class=\"wp-block-image size-large\"><img data-recalc-dims=\"1\" decoding=\"async\" width=\"1024\" height=\"768\" src=\"https:\/\/i0.wp.com\/iaectogo.com\/wp-content\/uploads\/2023\/12\/WhatsApp-Image-2023-12-02-at-11.38.17-1-1024x768.jpeg?resize=1024%2C768&#038;ssl=1\" alt=\"\" class=\"wp-image-990321\" srcset=\"https:\/\/i0.wp.com\/iaectogo.com\/wp-content\/uploads\/2023\/12\/WhatsApp-Image-2023-12-02-at-11.38.17-1.jpeg?resize=1024%2C768&amp;ssl=1 1024w, https:\/\/i0.wp.com\/iaectogo.com\/wp-content\/uploads\/2023\/12\/WhatsApp-Image-2023-12-02-at-11.38.17-1.jpeg?resize=300%2C225&amp;ssl=1 300w, https:\/\/i0.wp.com\/iaectogo.com\/wp-content\/uploads\/2023\/12\/WhatsApp-Image-2023-12-02-at-11.38.17-1.jpeg?resize=768%2C576&amp;ssl=1 768w, https:\/\/i0.wp.com\/iaectogo.com\/wp-content\/uploads\/2023\/12\/WhatsApp-Image-2023-12-02-at-11.38.17-1.jpeg?resize=16%2C12&amp;ssl=1 16w, https:\/\/i0.wp.com\/iaectogo.com\/wp-content\/uploads\/2023\/12\/WhatsApp-Image-2023-12-02-at-11.38.17-1.jpeg?w=1080&amp;ssl=1 1080w\" sizes=\"(max-width: 1024px) 100vw, 1024px\" \/><\/figure>\n\n\n\n<p>Apr\u00e8s le test, pr\u00e9cise Dr Gilbert Agbetoglo, le r\u00e9sultat sera communiqu\u00e9 aux \u00e9tudiants. Certes on ne le souhaite pas, mais si jamais l\u2019un des tests d\u2019un \u00e9tudiant revenait positif, toutes les mesures sont prises pour un suivi approfondi et un accompagnement particulier. D\u2019autres bilans seront demand\u00e9s parce qu\u2019une chose est d\u2019\u00eatre test\u00e9 positif et une autre est de voir si le virus a d\u00e9j\u00e0 pris de l\u2019ampleur. Pour savoir comment la prise en charge sera faite.<\/p>\n<\/div><!-- .vgblk-rw-wrapper -->","protected":false},"excerpt":{"rendered":"<p>Journ\u00e9e mondiale de lutte contre le Sida : IAEC sensibilise ses \u00e9tudiants Le monde entier c\u00e9l\u00e8bre chaque 01 d\u00e9cembre de l\u2019ann\u00e9e la journ\u00e9e mondiale de lutte contre le Sida. Une occasion pour l\u2019Institut Africain d\u2019administration et d\u2019Etudes Commerciales (IAEC) de sensibiliser ses \u00e9tudiants sur les modes de contamination du VIH, les risques de propagation et&#8230;<\/p>","protected":false},"author":4,"featured_media":990319,"comment_status":"open","ping_status":"open","sticky":false,"template":"","format":"standard","meta":{"_monsterinsights_skip_tracking":false,"_monsterinsights_sitenote_active":false,"_monsterinsights_sitenote_note":"","_monsterinsights_sitenote_category":0,"_jetpack_memberships_contains_paid_content":false,"footnotes":""},"categories":[44,38],"tags":[],"class_list":["post-990318","post","type-post","status-publish","format-standard","has-post-thumbnail","hentry","category-activites-academiques","category-evenements"],"yoast_head":"<!-- This site is optimized with the Yoast SEO plugin v27.5 - https:\/\/yoast.com\/product\/yoast-seo-wordpress\/ -->\n<title>Journ\u00e9e mondiale de lutte contre le Sida : IAEC sensibilise ses \u00e9tudiants - IAEC TOGO<\/title>\n<meta name=\"robots\" content=\"index, follow, max-snippet:-1, max-image-preview:large, max-video-preview:-1\" \/>\n<link rel=\"canonical\" href=\"https:\/\/iaectogo.com\/en\/journee-mondiale-de-lutte-contre-le-sida-iaec-sensibilise-ses-etudiants\/\" \/>\n<meta property=\"og:locale\" content=\"en_GB\" \/>\n<meta property=\"og:type\" content=\"article\" \/>\n<meta property=\"og:title\" content=\"Journ\u00e9e mondiale de lutte contre le Sida : IAEC sensibilise ses \u00e9tudiants - IAEC TOGO\" \/>\n<meta property=\"og:description\" content=\"Journ\u00e9e mondiale de lutte contre le Sida : IAEC sensibilise ses \u00e9tudiants Le monde entier c\u00e9l\u00e8bre chaque 01 d\u00e9cembre de l\u2019ann\u00e9e la journ\u00e9e mondiale de lutte contre le Sida. Une occasion pour l\u2019Institut Africain d\u2019administration et d\u2019Etudes Commerciales (IAEC) de sensibiliser ses \u00e9tudiants sur les modes de contamination du VIH, les risques de propagation et...\" \/>\n<meta property=\"og:url\" content=\"https:\/\/iaectogo.com\/en\/journee-mondiale-de-lutte-contre-le-sida-iaec-sensibilise-ses-etudiants\/\" \/>\n<meta property=\"og:site_name\" content=\"IAEC TOGO\" \/>\n<meta property=\"article:publisher\" content=\"https:\/\/www.facebook.com\/IAEC.Universite\" \/>\n<meta property=\"article:published_time\" content=\"2023-12-02T12:41:50+00:00\" \/>\n<meta property=\"article:modified_time\" content=\"2023-12-02T12:48:16+00:00\" \/>\n<meta property=\"og:image\" content=\"https:\/\/i0.wp.com\/iaectogo.com\/wp-content\/uploads\/2023\/12\/WhatsApp-Image-2023-12-02-at-11.38.17.jpeg?fit=1080%2C810&ssl=1\" \/>\n\t<meta property=\"og:image:width\" content=\"1080\" \/>\n\t<meta property=\"og:image:height\" content=\"810\" \/>\n\t<meta property=\"og:image:type\" content=\"image\/jpeg\" \/>\n<meta name=\"author\" content=\"jean\" \/>\n<meta name=\"twitter:card\" content=\"summary_large_image\" \/>\n<meta name=\"twitter:creator\" content=\"@iaectogo\" \/>\n<meta name=\"twitter:site\" content=\"@iaectogo\" \/>\n<meta name=\"twitter:label1\" content=\"Written by\" \/>\n\t<meta name=\"twitter:data1\" content=\"jean\" \/>\n\t<meta name=\"twitter:label2\" content=\"Estimated reading time\" \/>\n\t<meta name=\"twitter:data2\" content=\"2 minutes\" \/>\n<script type=\"application\/ld+json\" class=\"yoast-schema-graph\">{\"@context\":\"https:\\\/\\\/schema.org\",\"@graph\":[{\"@type\":\"Article\",\"@id\":\"https:\\\/\\\/iaectogo.com\\\/journee-mondiale-de-lutte-contre-le-sida-iaec-sensibilise-ses-etudiants\\\/#article\",\"isPartOf\":{\"@id\":\"https:\\\/\\\/iaectogo.com\\\/journee-mondiale-de-lutte-contre-le-sida-iaec-sensibilise-ses-etudiants\\\/\"},\"author\":{\"name\":\"jean\",\"@id\":\"https:\\\/\\\/iaectogo.com\\\/#\\\/schema\\\/person\\\/42db50fbfc40b266f0dce92a9570bf35\"},\"headline\":\"Journ\u00e9e mondiale de lutte contre le Sida : IAEC sensibilise ses \u00e9tudiants\",\"datePublished\":\"2023-12-02T12:41:50+00:00\",\"dateModified\":\"2023-12-02T12:48:16+00:00\",\"mainEntityOfPage\":{\"@id\":\"https:\\\/\\\/iaectogo.com\\\/journee-mondiale-de-lutte-contre-le-sida-iaec-sensibilise-ses-etudiants\\\/\"},\"wordCount\":369,\"commentCount\":0,\"publisher\":{\"@id\":\"https:\\\/\\\/iaectogo.com\\\/#organization\"},\"image\":{\"@id\":\"https:\\\/\\\/iaectogo.com\\\/journee-mondiale-de-lutte-contre-le-sida-iaec-sensibilise-ses-etudiants\\\/#primaryimage\"},\"thumbnailUrl\":\"https:\\\/\\\/i0.wp.com\\\/iaectogo.com\\\/wp-content\\\/uploads\\\/2023\\\/12\\\/WhatsApp-Image-2023-12-02-at-11.38.17.jpeg?fit=1080%2C810&ssl=1\",\"articleSection\":[\"Activites Academiques\",\"\u00c9v\u00e8nements\"],\"inLanguage\":\"en-GB\",\"potentialAction\":[{\"@type\":\"CommentAction\",\"name\":\"Comment\",\"target\":[\"https:\\\/\\\/iaectogo.com\\\/journee-mondiale-de-lutte-contre-le-sida-iaec-sensibilise-ses-etudiants\\\/#respond\"]}]},{\"@type\":\"WebPage\",\"@id\":\"https:\\\/\\\/iaectogo.com\\\/journee-mondiale-de-lutte-contre-le-sida-iaec-sensibilise-ses-etudiants\\\/\",\"url\":\"https:\\\/\\\/iaectogo.com\\\/journee-mondiale-de-lutte-contre-le-sida-iaec-sensibilise-ses-etudiants\\\/\",\"name\":\"Journ\u00e9e mondiale de lutte contre le Sida : IAEC sensibilise ses \u00e9tudiants - IAEC TOGO\",\"isPartOf\":{\"@id\":\"https:\\\/\\\/iaectogo.com\\\/#website\"},\"primaryImageOfPage\":{\"@id\":\"https:\\\/\\\/iaectogo.com\\\/journee-mondiale-de-lutte-contre-le-sida-iaec-sensibilise-ses-etudiants\\\/#primaryimage\"},\"image\":{\"@id\":\"https:\\\/\\\/iaectogo.com\\\/journee-mondiale-de-lutte-contre-le-sida-iaec-sensibilise-ses-etudiants\\\/#primaryimage\"},\"thumbnailUrl\":\"https:\\\/\\\/i0.wp.com\\\/iaectogo.com\\\/wp-content\\\/uploads\\\/2023\\\/12\\\/WhatsApp-Image-2023-12-02-at-11.38.17.jpeg?fit=1080%2C810&ssl=1\",\"datePublished\":\"2023-12-02T12:41:50+00:00\",\"dateModified\":\"2023-12-02T12:48:16+00:00\",\"breadcrumb\":{\"@id\":\"https:\\\/\\\/iaectogo.com\\\/journee-mondiale-de-lutte-contre-le-sida-iaec-sensibilise-ses-etudiants\\\/#breadcrumb\"},\"inLanguage\":\"en-GB\",\"potentialAction\":[{\"@type\":\"ReadAction\",\"target\":[\"https:\\\/\\\/iaectogo.com\\\/journee-mondiale-de-lutte-contre-le-sida-iaec-sensibilise-ses-etudiants\\\/\"]}]},{\"@type\":\"ImageObject\",\"inLanguage\":\"en-GB\",\"@id\":\"https:\\\/\\\/iaectogo.com\\\/journee-mondiale-de-lutte-contre-le-sida-iaec-sensibilise-ses-etudiants\\\/#primaryimage\",\"url\":\"https:\\\/\\\/i0.wp.com\\\/iaectogo.com\\\/wp-content\\\/uploads\\\/2023\\\/12\\\/WhatsApp-Image-2023-12-02-at-11.38.17.jpeg?fit=1080%2C810&ssl=1\",\"contentUrl\":\"https:\\\/\\\/i0.wp.com\\\/iaectogo.com\\\/wp-content\\\/uploads\\\/2023\\\/12\\\/WhatsApp-Image-2023-12-02-at-11.38.17.jpeg?fit=1080%2C810&ssl=1\",\"width\":1080,\"height\":810},{\"@type\":\"BreadcrumbList\",\"@id\":\"https:\\\/\\\/iaectogo.com\\\/journee-mondiale-de-lutte-contre-le-sida-iaec-sensibilise-ses-etudiants\\\/#breadcrumb\",\"itemListElement\":[{\"@type\":\"ListItem\",\"position\":1,\"name\":\"Accueil\",\"item\":\"https:\\\/\\\/iaectogo.com\\\/\"},{\"@type\":\"ListItem\",\"position\":2,\"name\":\"Journ\u00e9e mondiale de lutte contre le Sida : IAEC sensibilise ses \u00e9tudiants\"}]},{\"@type\":\"WebSite\",\"@id\":\"https:\\\/\\\/iaectogo.com\\\/#website\",\"url\":\"https:\\\/\\\/iaectogo.com\\\/\",\"name\":\"IAEC TOGO\",\"description\":\"Institut Africain d&#039;Administration et d&#039;Etudes Commerciales\",\"publisher\":{\"@id\":\"https:\\\/\\\/iaectogo.com\\\/#organization\"},\"potentialAction\":[{\"@type\":\"SearchAction\",\"target\":{\"@type\":\"EntryPoint\",\"urlTemplate\":\"https:\\\/\\\/iaectogo.com\\\/?s={search_term_string}\"},\"query-input\":{\"@type\":\"PropertyValueSpecification\",\"valueRequired\":true,\"valueName\":\"search_term_string\"}}],\"inLanguage\":\"en-GB\"},{\"@type\":\"Organization\",\"@id\":\"https:\\\/\\\/iaectogo.com\\\/#organization\",\"name\":\"IAEC TOGO\",\"url\":\"https:\\\/\\\/iaectogo.com\\\/\",\"logo\":{\"@type\":\"ImageObject\",\"inLanguage\":\"en-GB\",\"@id\":\"https:\\\/\\\/iaectogo.com\\\/#\\\/schema\\\/logo\\\/image\\\/\",\"url\":\"https:\\\/\\\/iaectogo.com\\\/iaectogo.com\\\/wp-content\\\/uploads\\\/2021\\\/09\\\/logo-avec-ecriture-bleu.png\",\"contentUrl\":\"https:\\\/\\\/iaectogo.com\\\/iaectogo.com\\\/wp-content\\\/uploads\\\/2021\\\/09\\\/logo-avec-ecriture-bleu.png\",\"width\":2768,\"height\":801,\"caption\":\"IAEC TOGO\"},\"image\":{\"@id\":\"https:\\\/\\\/iaectogo.com\\\/#\\\/schema\\\/logo\\\/image\\\/\"},\"sameAs\":[\"https:\\\/\\\/www.facebook.com\\\/IAEC.Universite\",\"https:\\\/\\\/x.com\\\/iaectogo\",\"https:\\\/\\\/www.instagram.com\\\/iaectogo\"]},{\"@type\":\"Person\",\"@id\":\"https:\\\/\\\/iaectogo.com\\\/#\\\/schema\\\/person\\\/42db50fbfc40b266f0dce92a9570bf35\",\"name\":\"jean\",\"image\":{\"@type\":\"ImageObject\",\"inLanguage\":\"en-GB\",\"@id\":\"https:\\\/\\\/secure.gravatar.com\\\/avatar\\\/ca912c445e27115f64f8b5594d624fcf634351a6f76d32b98cfe473ce7f46c29?s=96&d=mm&r=g\",\"url\":\"https:\\\/\\\/secure.gravatar.com\\\/avatar\\\/ca912c445e27115f64f8b5594d624fcf634351a6f76d32b98cfe473ce7f46c29?s=96&d=mm&r=g\",\"contentUrl\":\"https:\\\/\\\/secure.gravatar.com\\\/avatar\\\/ca912c445e27115f64f8b5594d624fcf634351a6f76d32b98cfe473ce7f46c29?s=96&d=mm&r=g\",\"caption\":\"jean\"},\"url\":\"https:\\\/\\\/iaectogo.com\\\/en\\\/author\\\/jean-fassinou\\\/\"}]}<\/script>\n<!-- \/ Yoast SEO plugin. -->","yoast_head_json":{"title":"Journ\u00e9e mondiale de lutte contre le Sida : IAEC sensibilise ses \u00e9tudiants - IAEC TOGO","robots":{"index":"index","follow":"follow","max-snippet":"max-snippet:-1","max-image-preview":"max-image-preview:large","max-video-preview":"max-video-preview:-1"},"canonical":"https:\/\/iaectogo.com\/en\/journee-mondiale-de-lutte-contre-le-sida-iaec-sensibilise-ses-etudiants\/","og_locale":"en_GB","og_type":"article","og_title":"Journ\u00e9e mondiale de lutte contre le Sida : IAEC sensibilise ses \u00e9tudiants - IAEC TOGO","og_description":"Journ\u00e9e mondiale de lutte contre le Sida : IAEC sensibilise ses \u00e9tudiants Le monde entier c\u00e9l\u00e8bre chaque 01 d\u00e9cembre de l\u2019ann\u00e9e la journ\u00e9e mondiale de lutte contre le Sida. Une occasion pour l\u2019Institut Africain d\u2019administration et d\u2019Etudes Commerciales (IAEC) de sensibiliser ses \u00e9tudiants sur les modes de contamination du VIH, les risques de propagation et...","og_url":"https:\/\/iaectogo.com\/en\/journee-mondiale-de-lutte-contre-le-sida-iaec-sensibilise-ses-etudiants\/","og_site_name":"IAEC TOGO","article_publisher":"https:\/\/www.facebook.com\/IAEC.Universite","article_published_time":"2023-12-02T12:41:50+00:00","article_modified_time":"2023-12-02T12:48:16+00:00","og_image":[{"width":1080,"height":810,"url":"https:\/\/i0.wp.com\/iaectogo.com\/wp-content\/uploads\/2023\/12\/WhatsApp-Image-2023-12-02-at-11.38.17.jpeg?fit=1080%2C810&ssl=1","type":"image\/jpeg"}],"author":"jean","twitter_card":"summary_large_image","twitter_creator":"@iaectogo","twitter_site":"@iaectogo","twitter_misc":{"Written by":"jean","Estimated reading time":"2 minutes"},"schema":{"@context":"https:\/\/schema.org","@graph":[{"@type":"Article","@id":"https:\/\/iaectogo.com\/journee-mondiale-de-lutte-contre-le-sida-iaec-sensibilise-ses-etudiants\/#article","isPartOf":{"@id":"https:\/\/iaectogo.com\/journee-mondiale-de-lutte-contre-le-sida-iaec-sensibilise-ses-etudiants\/"},"author":{"name":"jean","@id":"https:\/\/iaectogo.com\/#\/schema\/person\/42db50fbfc40b266f0dce92a9570bf35"},"headline":"Journ\u00e9e mondiale de lutte contre le Sida : IAEC sensibilise ses \u00e9tudiants","datePublished":"2023-12-02T12:41:50+00:00","dateModified":"2023-12-02T12:48:16+00:00","mainEntityOfPage":{"@id":"https:\/\/iaectogo.com\/journee-mondiale-de-lutte-contre-le-sida-iaec-sensibilise-ses-etudiants\/"},"wordCount":369,"commentCount":0,"publisher":{"@id":"https:\/\/iaectogo.com\/#organization"},"image":{"@id":"https:\/\/iaectogo.com\/journee-mondiale-de-lutte-contre-le-sida-iaec-sensibilise-ses-etudiants\/#primaryimage"},"thumbnailUrl":"https:\/\/i0.wp.com\/iaectogo.com\/wp-content\/uploads\/2023\/12\/WhatsApp-Image-2023-12-02-at-11.38.17.jpeg?fit=1080%2C810&ssl=1","articleSection":["Activites Academiques","\u00c9v\u00e8nements"],"inLanguage":"en-GB","potentialAction":[{"@type":"CommentAction","name":"Comment","target":["https:\/\/iaectogo.com\/journee-mondiale-de-lutte-contre-le-sida-iaec-sensibilise-ses-etudiants\/#respond"]}]},{"@type":"WebPage","@id":"https:\/\/iaectogo.com\/journee-mondiale-de-lutte-contre-le-sida-iaec-sensibilise-ses-etudiants\/","url":"https:\/\/iaectogo.com\/journee-mondiale-de-lutte-contre-le-sida-iaec-sensibilise-ses-etudiants\/","name":"Journ\u00e9e mondiale de lutte contre le Sida : IAEC sensibilise ses \u00e9tudiants - IAEC TOGO","isPartOf":{"@id":"https:\/\/iaectogo.com\/#website"},"primaryImageOfPage":{"@id":"https:\/\/iaectogo.com\/journee-mondiale-de-lutte-contre-le-sida-iaec-sensibilise-ses-etudiants\/#primaryimage"},"image":{"@id":"https:\/\/iaectogo.com\/journee-mondiale-de-lutte-contre-le-sida-iaec-sensibilise-ses-etudiants\/#primaryimage"},"thumbnailUrl":"https:\/\/i0.wp.com\/iaectogo.com\/wp-content\/uploads\/2023\/12\/WhatsApp-Image-2023-12-02-at-11.38.17.jpeg?fit=1080%2C810&ssl=1","datePublished":"2023-12-02T12:41:50+00:00","dateModified":"2023-12-02T12:48:16+00:00","breadcrumb":{"@id":"https:\/\/iaectogo.com\/journee-mondiale-de-lutte-contre-le-sida-iaec-sensibilise-ses-etudiants\/#breadcrumb"},"inLanguage":"en-GB","potentialAction":[{"@type":"ReadAction","target":["https:\/\/iaectogo.com\/journee-mondiale-de-lutte-contre-le-sida-iaec-sensibilise-ses-etudiants\/"]}]},{"@type":"ImageObject","inLanguage":"en-GB","@id":"https:\/\/iaectogo.com\/journee-mondiale-de-lutte-contre-le-sida-iaec-sensibilise-ses-etudiants\/#primaryimage","url":"https:\/\/i0.wp.com\/iaectogo.com\/wp-content\/uploads\/2023\/12\/WhatsApp-Image-2023-12-02-at-11.38.17.jpeg?fit=1080%2C810&ssl=1","contentUrl":"https:\/\/i0.wp.com\/iaectogo.com\/wp-content\/uploads\/2023\/12\/WhatsApp-Image-2023-12-02-at-11.38.17.jpeg?fit=1080%2C810&ssl=1","width":1080,"height":810},{"@type":"BreadcrumbList","@id":"https:\/\/iaectogo.com\/journee-mondiale-de-lutte-contre-le-sida-iaec-sensibilise-ses-etudiants\/#breadcrumb","itemListElement":[{"@type":"ListItem","position":1,"name":"Accueil","item":"https:\/\/iaectogo.com\/"},{"@type":"ListItem","position":2,"name":"Journ\u00e9e mondiale de lutte contre le Sida : IAEC sensibilise ses \u00e9tudiants"}]},{"@type":"WebSite","@id":"https:\/\/iaectogo.com\/#website","url":"https:\/\/iaectogo.com\/","name":"IAEC TOGO","description":"Institut Africain d&#039;Administration et d&#039;Etudes Commerciales","publisher":{"@id":"https:\/\/iaectogo.com\/#organization"},"potentialAction":[{"@type":"SearchAction","target":{"@type":"EntryPoint","urlTemplate":"https:\/\/iaectogo.com\/?s={search_term_string}"},"query-input":{"@type":"PropertyValueSpecification","valueRequired":true,"valueName":"search_term_string"}}],"inLanguage":"en-GB"},{"@type":"Organization","@id":"https:\/\/iaectogo.com\/#organization","name":"IAEC TOGO","url":"https:\/\/iaectogo.com\/","logo":{"@type":"ImageObject","inLanguage":"en-GB","@id":"https:\/\/iaectogo.com\/#\/schema\/logo\/image\/","url":"https:\/\/iaectogo.com\/iaectogo.com\/wp-content\/uploads\/2021\/09\/logo-avec-ecriture-bleu.png","contentUrl":"https:\/\/iaectogo.com\/iaectogo.com\/wp-content\/uploads\/2021\/09\/logo-avec-ecriture-bleu.png","width":2768,"height":801,"caption":"IAEC TOGO"},"image":{"@id":"https:\/\/iaectogo.com\/#\/schema\/logo\/image\/"},"sameAs":["https:\/\/www.facebook.com\/IAEC.Universite","https:\/\/x.com\/iaectogo","https:\/\/www.instagram.com\/iaectogo"]},{"@type":"Person","@id":"https:\/\/iaectogo.com\/#\/schema\/person\/42db50fbfc40b266f0dce92a9570bf35","name":"jean","image":{"@type":"ImageObject","inLanguage":"en-GB","@id":"https:\/\/secure.gravatar.com\/avatar\/ca912c445e27115f64f8b5594d624fcf634351a6f76d32b98cfe473ce7f46c29?s=96&d=mm&r=g","url":"https:\/\/secure.gravatar.com\/avatar\/ca912c445e27115f64f8b5594d624fcf634351a6f76d32b98cfe473ce7f46c29?s=96&d=mm&r=g","contentUrl":"https:\/\/secure.gravatar.com\/avatar\/ca912c445e27115f64f8b5594d624fcf634351a6f76d32b98cfe473ce7f46c29?s=96&d=mm&r=g","caption":"jean"},"url":"https:\/\/iaectogo.com\/en\/author\/jean-fassinou\/"}]}},"jetpack_featured_media_url":"https:\/\/i0.wp.com\/iaectogo.com\/wp-content\/uploads\/2023\/12\/WhatsApp-Image-2023-12-02-at-11.38.17.jpeg?fit=1080%2C810&ssl=1","jetpack_shortlink":"https:\/\/wp.me\/pc0b2i-49CS","jetpack_sharing_enabled":true,"_links":{"self":[{"href":"https:\/\/iaectogo.com\/en\/wp-json\/wp\/v2\/posts\/990318","targetHints":{"allow":["GET"]}}],"collection":[{"href":"https:\/\/iaectogo.com\/en\/wp-json\/wp\/v2\/posts"}],"about":[{"href":"https:\/\/iaectogo.com\/en\/wp-json\/wp\/v2\/types\/post"}],"author":[{"embeddable":true,"href":"https:\/\/iaectogo.com\/en\/wp-json\/wp\/v2\/users\/4"}],"replies":[{"embeddable":true,"href":"https:\/\/iaectogo.com\/en\/wp-json\/wp\/v2\/comments?post=990318"}],"version-history":[{"count":3,"href":"https:\/\/iaectogo.com\/en\/wp-json\/wp\/v2\/posts\/990318\/revisions"}],"predecessor-version":[{"id":990324,"href":"https:\/\/iaectogo.com\/en\/wp-json\/wp\/v2\/posts\/990318\/revisions\/990324"}],"wp:featuredmedia":[{"embeddable":true,"href":"https:\/\/iaectogo.com\/en\/wp-json\/wp\/v2\/media\/990319"}],"wp:attachment":[{"href":"https:\/\/iaectogo.com\/en\/wp-json\/wp\/v2\/media?parent=990318"}],"wp:term":[{"taxonomy":"category","embeddable":true,"href":"https:\/\/iaectogo.com\/en\/wp-json\/wp\/v2\/categories?post=990318"},{"taxonomy":"post_tag","embeddable":true,"href":"https:\/\/iaectogo.com\/en\/wp-json\/wp\/v2\/tags?post=990318"}],"curies":[{"name":"wp","href":"https:\/\/api.w.org\/{rel}","templated":true}]}}